{"id":329,"date":"2023-11-30T12:11:14","date_gmt":"2023-11-30T11:11:14","guid":{"rendered":"https:\/\/www.wienersukzession.at\/?p=329"},"modified":"2023-12-11T10:27:23","modified_gmt":"2023-12-11T09:27:23","slug":"ausstellung-werkschau-im-flucc-4-6-12","status":"publish","type":"post","link":"https:\/\/www.wienersukzession.at\/index.php\/ausstellung-werkschau-im-flucc-4-6-12\/","title":{"rendered":"Ausstellung + Werkschau im Flucc 4.-6.12."},"content":{"rendered":"\n<p>Wurzeln breiten sich unterirdisch aus &#8211; so auch wir! <br>Drei Tage waren wir zugegen in <a href=\"https:\/\/www.fluc.at\/programm\/2023_Flucwoche49.html\">der Flucc-Wanne.<\/a> <br>Adresse: <em>Innerer Praterstern (S- \/U Bahnhof, ehem. Fu\u00dfg\u00e4nger-Unterf\u00fchrung) <\/em><br>Die umfangreichen Inhalte und Artefakte der Wiener Sukzession wurden an diesen 3 Tagen in einer pr\u00e4sentablen, multimedialen Ausstellungs-Form aufgebaut. Das Team und das vielseitige Material standen zwischen 14 und 18 Uhr bereit zum Bestaunen, Hinterfragen, Diskutieren und Erg\u00e4nzen. Da Pionierpflanzen flexibel sind und an vielen Orten wachsen k\u00f6nnen, sind auch wir multidimensional aktionistisch unterwegs gewesen: Sammeln, Aufreissen, Verhandeln, Schreiben, k\u00fcnsterlisch Gestalten, Backen, sprachlich Vermitteln und Musik Produzieren.  <br>Bei der <strong><em>Finnisage<\/em> <\/strong>am Mittwoch Abend waren dann sukzessive mehrere G\u00e4ste zugegen und traten in angeregtem Austausch mit uns. <\/p>\n\n\n\n<figure class=\"wp-block-image size-large\"><img loading=\"lazy\" decoding=\"async\" width=\"768\" height=\"1024\" src=\"https:\/\/www.wienersukzession.at\/wp-content\/uploads\/2023\/10\/IMG_1793-768x1024.jpg\" alt=\"\" class=\"wp-image-298\" srcset=\"https:\/\/www.wienersukzession.at\/wp-content\/uploads\/2023\/10\/IMG_1793-768x1024.jpg 768w, https:\/\/www.wienersukzession.at\/wp-content\/uploads\/2023\/10\/IMG_1793-225x300.jpg 225w, https:\/\/www.wienersukzession.at\/wp-content\/uploads\/2023\/10\/IMG_1793-1152x1536.jpg 1152w, https:\/\/www.wienersukzession.at\/wp-content\/uploads\/2023\/10\/IMG_1793-1536x2048.jpg 1536w, https:\/\/www.wienersukzession.at\/wp-content\/uploads\/2023\/10\/IMG_1793-1200x1600.jpg 1200w, https:\/\/www.wienersukzession.at\/wp-content\/uploads\/2023\/10\/IMG_1793-1980x2640.jpg 1980w, https:\/\/www.wienersukzession.at\/wp-content\/uploads\/2023\/10\/IMG_1793-scaled.jpg 1920w\" sizes=\"(max-width: 768px) 100vw, 768px\" \/><\/figure>\n","protected":false},"excerpt":{"rendered":"<p>Wurzeln breiten sich unterirdisch aus &#8211; so auch wir! Drei Tage waren wir zugegen in der Flucc-Wanne. Adresse: Innerer Praterstern (S- \/U Bahnhof, ehem. Fu\u00dfg\u00e4nger-Unterf\u00fchrung) Die umfangreichen Inhalte und Artefakte der Wiener Sukzession wurden an diesen 3 Tagen in einer pr\u00e4sentablen, multimedialen Ausstellungs-Form aufgebaut. Das Team und das vielseitige Material standen zwischen 14 und 18 [&hellip;]<\/p>\n","protected":false},"author":1,"featured_media":314,"comment_status":"open","ping_status":"open","sticky":false,"template":"","format":"standard","meta":{"footnotes":""},"categories":[1],"tags":[],"_links":{"self":[{"href":"https:\/\/www.wienersukzession.at\/index.php\/wp-json\/wp\/v2\/posts\/329"}],"collection":[{"href":"https:\/\/www.wienersukzession.at\/index.php\/wp-json\/wp\/v2\/posts"}],"about":[{"href":"https:\/\/www.wienersukzession.at\/index.php\/wp-json\/wp\/v2\/types\/post"}],"author":[{"embeddable":true,"href":"https:\/\/www.wienersukzession.at\/index.php\/wp-json\/wp\/v2\/users\/1"}],"replies":[{"embeddable":true,"href":"https:\/\/www.wienersukzession.at\/index.php\/wp-json\/wp\/v2\/comments?post=329"}],"version-history":[{"count":6,"href":"https:\/\/www.wienersukzession.at\/index.php\/wp-json\/wp\/v2\/posts\/329\/revisions"}],"predecessor-version":[{"id":371,"href":"https:\/\/www.wienersukzession.at\/index.php\/wp-json\/wp\/v2\/posts\/329\/revisions\/371"}],"wp:featuredmedia":[{"embeddable":true,"href":"https:\/\/www.wienersukzession.at\/index.php\/wp-json\/wp\/v2\/media\/314"}],"wp:attachment":[{"href":"https:\/\/www.wienersukzession.at\/index.php\/wp-json\/wp\/v2\/media?parent=329"}],"wp:term":[{"taxonomy":"category","embeddable":true,"href":"https:\/\/www.wienersukzession.at\/index.php\/wp-json\/wp\/v2\/categories?post=329"},{"taxonomy":"post_tag","embeddable":true,"href":"https:\/\/www.wienersukzession.at\/index.php\/wp-json\/wp\/v2\/tags?post=329"}],"curies":[{"name":"wp","href":"https:\/\/api.w.org\/{rel}","templated":true}]}}