{"id":292,"date":"2023-10-31T16:52:04","date_gmt":"2023-10-31T15:52:04","guid":{"rendered":"https:\/\/www.wienersukzession.at\/?p=292"},"modified":"2023-10-31T22:27:35","modified_gmt":"2023-10-31T21:27:35","slug":"erd-tattoos-im-flucc","status":"publish","type":"post","link":"https:\/\/www.wienersukzession.at\/index.php\/erd-tattoos-im-flucc\/","title":{"rendered":"Erd-Tattoos im Flucc"},"content":{"rendered":"\n<p>Wen k\u00f6nnte man <em>&#8218;l\u00f6chern&#8216;<\/em>, damit darunter das nat\u00fcrliche Gesicht zum Vorschein kommt? Den Asphalt, zB am Praterstern. Das Flucc ist als Musik-Club und seit einiger Zeit als offenes Kulturzentrum bekannt. Auch die Erd_Konferenz 2023 fand hier statt und wir waren die ersten, die die Aufbruchs-Stimmung mit unserer &#8218;Bodener\u00f6ffnung&#8216; praktisch verkn\u00fcpfen durften. <\/p>\n\n\n\n<figure class=\"wp-block-gallery has-nested-images columns-default is-cropped wp-block-gallery-1 is-layout-flex wp-block-gallery-is-layout-flex\">\n<figure class=\"wp-block-image size-large\"><img loading=\"lazy\" decoding=\"async\" width=\"768\" height=\"1024\" data-id=\"298\" src=\"https:\/\/www.wienersukzession.at\/wp-content\/uploads\/2023\/10\/IMG_1793-768x1024.jpg\" alt=\"\" class=\"wp-image-298\" srcset=\"https:\/\/www.wienersukzession.at\/wp-content\/uploads\/2023\/10\/IMG_1793-768x1024.jpg 768w, https:\/\/www.wienersukzession.at\/wp-content\/uploads\/2023\/10\/IMG_1793-225x300.jpg 225w, https:\/\/www.wienersukzession.at\/wp-content\/uploads\/2023\/10\/IMG_1793-1152x1536.jpg 1152w, https:\/\/www.wienersukzession.at\/wp-content\/uploads\/2023\/10\/IMG_1793-1536x2048.jpg 1536w, https:\/\/www.wienersukzession.at\/wp-content\/uploads\/2023\/10\/IMG_1793-1200x1600.jpg 1200w, https:\/\/www.wienersukzession.at\/wp-content\/uploads\/2023\/10\/IMG_1793-1980x2640.jpg 1980w, https:\/\/www.wienersukzession.at\/wp-content\/uploads\/2023\/10\/IMG_1793-scaled.jpg 1920w\" sizes=\"(max-width: 768px) 100vw, 768px\" \/><\/figure>\n\n\n\n<figure class=\"wp-block-image size-large\"><img loading=\"lazy\" decoding=\"async\" width=\"768\" height=\"1024\" data-id=\"300\" src=\"https:\/\/www.wienersukzession.at\/wp-content\/uploads\/2023\/10\/IMG_1807-768x1024.jpg\" alt=\"\" class=\"wp-image-300\" srcset=\"https:\/\/www.wienersukzession.at\/wp-content\/uploads\/2023\/10\/IMG_1807-768x1024.jpg 768w, https:\/\/www.wienersukzession.at\/wp-content\/uploads\/2023\/10\/IMG_1807-225x300.jpg 225w, https:\/\/www.wienersukzession.at\/wp-content\/uploads\/2023\/10\/IMG_1807-1152x1536.jpg 1152w, https:\/\/www.wienersukzession.at\/wp-content\/uploads\/2023\/10\/IMG_1807-1536x2048.jpg 1536w, https:\/\/www.wienersukzession.at\/wp-content\/uploads\/2023\/10\/IMG_1807-1200x1600.jpg 1200w, https:\/\/www.wienersukzession.at\/wp-content\/uploads\/2023\/10\/IMG_1807-1980x2640.jpg 1980w, https:\/\/www.wienersukzession.at\/wp-content\/uploads\/2023\/10\/IMG_1807-scaled.jpg 1920w\" sizes=\"(max-width: 768px) 100vw, 768px\" \/><\/figure>\n\n\n\n<figure class=\"wp-block-image size-large\"><img loading=\"lazy\" decoding=\"async\" width=\"576\" height=\"1024\" data-id=\"302\" src=\"https:\/\/www.wienersukzession.at\/wp-content\/uploads\/2023\/10\/20230925_184432-576x1024.jpg\" alt=\"\" class=\"wp-image-302\" srcset=\"https:\/\/www.wienersukzession.at\/wp-content\/uploads\/2023\/10\/20230925_184432-576x1024.jpg 576w, https:\/\/www.wienersukzession.at\/wp-content\/uploads\/2023\/10\/20230925_184432-169x300.jpg 169w, https:\/\/www.wienersukzession.at\/wp-content\/uploads\/2023\/10\/20230925_184432-768x1365.jpg 768w, https:\/\/www.wienersukzession.at\/wp-content\/uploads\/2023\/10\/20230925_184432-864x1536.jpg 864w, https:\/\/www.wienersukzession.at\/wp-content\/uploads\/2023\/10\/20230925_184432-rotated.jpg 1152w\" sizes=\"(max-width: 576px) 100vw, 576px\" \/><\/figure>\n\n\n\n<figure class=\"wp-block-image size-large\"><img loading=\"lazy\" decoding=\"async\" width=\"576\" height=\"1024\" data-id=\"295\" src=\"https:\/\/www.wienersukzession.at\/wp-content\/uploads\/2023\/10\/20230925_185041-576x1024.jpg\" alt=\"\" class=\"wp-image-295\" srcset=\"https:\/\/www.wienersukzession.at\/wp-content\/uploads\/2023\/10\/20230925_185041-576x1024.jpg 576w, https:\/\/www.wienersukzession.at\/wp-content\/uploads\/2023\/10\/20230925_185041-169x300.jpg 169w, https:\/\/www.wienersukzession.at\/wp-content\/uploads\/2023\/10\/20230925_185041-768x1365.jpg 768w, https:\/\/www.wienersukzession.at\/wp-content\/uploads\/2023\/10\/20230925_185041-864x1536.jpg 864w, https:\/\/www.wienersukzession.at\/wp-content\/uploads\/2023\/10\/20230925_185041-rotated.jpg 1152w\" sizes=\"(max-width: 576px) 100vw, 576px\" \/><\/figure>\n\n\n\n<figure class=\"wp-block-image size-large\"><img loading=\"lazy\" decoding=\"async\" width=\"1024\" height=\"576\" data-id=\"296\" src=\"https:\/\/www.wienersukzession.at\/wp-content\/uploads\/2023\/10\/20230925_194542-1024x576.jpg\" alt=\"\" class=\"wp-image-296\" srcset=\"https:\/\/www.wienersukzession.at\/wp-content\/uploads\/2023\/10\/20230925_194542-1024x576.jpg 1024w, https:\/\/www.wienersukzession.at\/wp-content\/uploads\/2023\/10\/20230925_194542-300x169.jpg 300w, https:\/\/www.wienersukzession.at\/wp-content\/uploads\/2023\/10\/20230925_194542-768x432.jpg 768w, https:\/\/www.wienersukzession.at\/wp-content\/uploads\/2023\/10\/20230925_194542-1536x864.jpg 1536w, https:\/\/www.wienersukzession.at\/wp-content\/uploads\/2023\/10\/20230925_194542-1200x675.jpg 1200w, https:\/\/www.wienersukzession.at\/wp-content\/uploads\/2023\/10\/20230925_194542-1980x1114.jpg 1980w, https:\/\/www.wienersukzession.at\/wp-content\/uploads\/2023\/10\/20230925_194542.jpg 2048w\" sizes=\"(max-width: 1024px) 100vw, 1024px\" \/><\/figure>\n<\/figure>\n\n\n\n<p>Die sehr dicken Schichten brachen wir so freilich nicht auf, aber ausreichend tiefe L\u00f6cher, mit Erde und Moos bef\u00fcllt k\u00f6nnen k\u00fcnftig Gr\u00e4ser und einige Pionierpflanzen beherbergen. Daher ist es uns gelungen, ein paar Tatoos f\u00fcr die Flucc-Gr\u00fcnde mit Hilfe der TeilnehmerInnen der Erd_Konferenz umzusetzen. Mit Asphalt-Krokant und einer Austauschrunde ging es indoor dann weiter. Viele zukunftsweisende Projekte waren vertreten, so auch wir. Akkupunktur f\u00fcr die Stadt.<\/p>\n\n\n\n<figure class=\"wp-block-image size-large\"><img loading=\"lazy\" decoding=\"async\" width=\"576\" height=\"1024\" src=\"https:\/\/www.wienersukzession.at\/wp-content\/uploads\/2023\/10\/20230925_184026-576x1024.jpg\" alt=\"\" class=\"wp-image-304\" srcset=\"https:\/\/www.wienersukzession.at\/wp-content\/uploads\/2023\/10\/20230925_184026-576x1024.jpg 576w, https:\/\/www.wienersukzession.at\/wp-content\/uploads\/2023\/10\/20230925_184026-169x300.jpg 169w, https:\/\/www.wienersukzession.at\/wp-content\/uploads\/2023\/10\/20230925_184026-768x1365.jpg 768w, https:\/\/www.wienersukzession.at\/wp-content\/uploads\/2023\/10\/20230925_184026-864x1536.jpg 864w, https:\/\/www.wienersukzession.at\/wp-content\/uploads\/2023\/10\/20230925_184026-rotated.jpg 1152w\" sizes=\"(max-width: 576px) 100vw, 576px\" \/><\/figure>\n","protected":false},"excerpt":{"rendered":"<p>Wen k\u00f6nnte man &#8218;l\u00f6chern&#8216;, damit darunter das nat\u00fcrliche Gesicht zum Vorschein kommt? Den Asphalt, zB am Praterstern. Das Flucc ist als Musik-Club und seit einiger Zeit als offenes Kulturzentrum bekannt. Auch die Erd_Konferenz 2023 fand hier statt und wir waren die ersten, die die Aufbruchs-Stimmung mit unserer &#8218;Bodener\u00f6ffnung&#8216; praktisch verkn\u00fcpfen durften. Die sehr dicken Schichten [&hellip;]<\/p>\n","protected":false},"author":1,"featured_media":293,"comment_status":"open","ping_status":"open","sticky":false,"template":"","format":"standard","meta":{"footnotes":""},"categories":[1],"tags":[],"_links":{"self":[{"href":"https:\/\/www.wienersukzession.at\/index.php\/wp-json\/wp\/v2\/posts\/292"}],"collection":[{"href":"https:\/\/www.wienersukzession.at\/index.php\/wp-json\/wp\/v2\/posts"}],"about":[{"href":"https:\/\/www.wienersukzession.at\/index.php\/wp-json\/wp\/v2\/types\/post"}],"author":[{"embeddable":true,"href":"https:\/\/www.wienersukzession.at\/index.php\/wp-json\/wp\/v2\/users\/1"}],"replies":[{"embeddable":true,"href":"https:\/\/www.wienersukzession.at\/index.php\/wp-json\/wp\/v2\/comments?post=292"}],"version-history":[{"count":7,"href":"https:\/\/www.wienersukzession.at\/index.php\/wp-json\/wp\/v2\/posts\/292\/revisions"}],"predecessor-version":[{"id":327,"href":"https:\/\/www.wienersukzession.at\/index.php\/wp-json\/wp\/v2\/posts\/292\/revisions\/327"}],"wp:featuredmedia":[{"embeddable":true,"href":"https:\/\/www.wienersukzession.at\/index.php\/wp-json\/wp\/v2\/media\/293"}],"wp:attachment":[{"href":"https:\/\/www.wienersukzession.at\/index.php\/wp-json\/wp\/v2\/media?parent=292"}],"wp:term":[{"taxonomy":"category","embeddable":true,"href":"https:\/\/www.wienersukzession.at\/index.php\/wp-json\/wp\/v2\/categories?post=292"},{"taxonomy":"post_tag","embeddable":true,"href":"https:\/\/www.wienersukzession.at\/index.php\/wp-json\/wp\/v2\/tags?post=292"}],"curies":[{"name":"wp","href":"https:\/\/api.w.org\/{rel}","templated":true}]}}