{"id":138,"date":"2022-09-18T11:34:44","date_gmt":"2022-09-18T09:34:44","guid":{"rendered":"https:\/\/www.wienersukzession.at\/?p=138"},"modified":"2022-11-02T17:57:05","modified_gmt":"2022-11-02T16:57:05","slug":"urbanize-festival-2022","status":"publish","type":"post","link":"https:\/\/www.wienersukzession.at\/index.php\/urbanize-festival-2022\/","title":{"rendered":"Urbanize! Festival 2022"},"content":{"rendered":"\n<p><strong>Ideenrallye zur nachhaltigen Gestaltung der Zukunft<\/strong><br>Finde Ideen f\u00fcr dein Gr\u00e4tzl der Zukunft<br><strong>07. Oktober 2022, 14:00-18:00<\/strong><\/p>\n\n\n\n<p>Zubetoniert oder begr\u00fcnt? Einladend oder ausgrenzend? Gemeinschaftlich oder vereinzelt? Wie wird das Gr\u00e4tzl der Zukunft aussehen? Eines steht fest: Es soll mit den Anwohner*innen gemeinsam gestaltet werden. Auf der Ideenrallye der Gr\u00e4tzl-VHS im 15. Bezirk und des Action for Sustainable Future hub wurden vielf\u00e4ltige Vorschl\u00e4ge f\u00fcr nachhaltige gesellschaftliche Ver\u00e4nderungen gesammelt und  k\u00fcnstlerisch Ideen f\u00fcr ein Gr\u00e4tzl der Zukunft gestaltet.<\/p>\n\n\n\n<p>Vor der <strong>VHS im 15., Schwendergasse 41, 1050 Wien<\/strong> haben wir von der Wiener Sukzession mit Anwohner*innen und Interessierten gemeinsam erforscht, wie sich die Stadt selbst begr\u00fcnt und auch ein bisschen nachgeholfen. <strong>Was w\u00e4chst in den Ritzen des Asphalts oder zwischen und unter den Pflastersteinen? Wo w\u00e4chst in deinem Gr\u00e4tzl spontanes Gr\u00fcn? <\/strong>Unsere Fundst\u00fccke sind im Schaukasten vor der VHS zu bestaunen. <\/p>\n\n\n\n<p><strong>Warum? <\/strong>Wir regen dazu an, die Umgebung aus einem anderen Blickwinkel wahrzunehmen, neue Perspektiven einzunehmen und Sichtweisen zu erproben. Die gefundenden Pflanzen und andere Gegenst\u00e4nde sind im Schaukasten der VHS als Sammlung ausgestellt. <\/p>\n\n\n\n<figure class=\"wp-block-image size-large\"><img loading=\"lazy\" decoding=\"async\" width=\"1024\" height=\"768\" src=\"https:\/\/www.wienersukzession.at\/wp-content\/uploads\/2022\/11\/20221007_181450-1024x768.jpg\" alt=\"\" class=\"wp-image-200\" srcset=\"https:\/\/www.wienersukzession.at\/wp-content\/uploads\/2022\/11\/20221007_181450-1024x768.jpg 1024w, https:\/\/www.wienersukzession.at\/wp-content\/uploads\/2022\/11\/20221007_181450-300x225.jpg 300w, https:\/\/www.wienersukzession.at\/wp-content\/uploads\/2022\/11\/20221007_181450-768x576.jpg 768w, https:\/\/www.wienersukzession.at\/wp-content\/uploads\/2022\/11\/20221007_181450-1536x1152.jpg 1536w, https:\/\/www.wienersukzession.at\/wp-content\/uploads\/2022\/11\/20221007_181450-2048x1536.jpg 2048w, https:\/\/www.wienersukzession.at\/wp-content\/uploads\/2022\/11\/20221007_181450-1200x900.jpg 1200w, https:\/\/www.wienersukzession.at\/wp-content\/uploads\/2022\/11\/20221007_181450-1980x1485.jpg 1980w\" sizes=\"(max-width: 1024px) 100vw, 1024px\" \/><\/figure>\n\n\n\n<figure class=\"wp-block-gallery has-nested-images columns-default is-cropped wp-block-gallery-1 is-layout-flex wp-block-gallery-is-layout-flex\">\n<figure class=\"wp-block-image size-large\"><img loading=\"lazy\" decoding=\"async\" width=\"768\" height=\"1024\" data-id=\"196\" src=\"https:\/\/www.wienersukzession.at\/wp-content\/uploads\/2022\/11\/20221007_150852-768x1024.jpg\" alt=\"\" class=\"wp-image-196\" srcset=\"https:\/\/www.wienersukzession.at\/wp-content\/uploads\/2022\/11\/20221007_150852-768x1024.jpg 768w, https:\/\/www.wienersukzession.at\/wp-content\/uploads\/2022\/11\/20221007_150852-225x300.jpg 225w, https:\/\/www.wienersukzession.at\/wp-content\/uploads\/2022\/11\/20221007_150852-1152x1536.jpg 1152w, https:\/\/www.wienersukzession.at\/wp-content\/uploads\/2022\/11\/20221007_150852-1536x2048.jpg 1536w, https:\/\/www.wienersukzession.at\/wp-content\/uploads\/2022\/11\/20221007_150852-1200x1600.jpg 1200w, https:\/\/www.wienersukzession.at\/wp-content\/uploads\/2022\/11\/20221007_150852-1980x2640.jpg 1980w, https:\/\/www.wienersukzession.at\/wp-content\/uploads\/2022\/11\/20221007_150852-scaled.jpg 1920w\" sizes=\"(max-width: 768px) 100vw, 768px\" \/><\/figure>\n\n\n\n<figure class=\"wp-block-image size-large\"><img loading=\"lazy\" decoding=\"async\" width=\"768\" height=\"1024\" data-id=\"194\" src=\"https:\/\/www.wienersukzession.at\/wp-content\/uploads\/2022\/11\/20221007_162405-768x1024.jpg\" alt=\"\" class=\"wp-image-194\" srcset=\"https:\/\/www.wienersukzession.at\/wp-content\/uploads\/2022\/11\/20221007_162405-768x1024.jpg 768w, https:\/\/www.wienersukzession.at\/wp-content\/uploads\/2022\/11\/20221007_162405-225x300.jpg 225w, https:\/\/www.wienersukzession.at\/wp-content\/uploads\/2022\/11\/20221007_162405-1152x1536.jpg 1152w, https:\/\/www.wienersukzession.at\/wp-content\/uploads\/2022\/11\/20221007_162405-1536x2048.jpg 1536w, https:\/\/www.wienersukzession.at\/wp-content\/uploads\/2022\/11\/20221007_162405-1200x1600.jpg 1200w, https:\/\/www.wienersukzession.at\/wp-content\/uploads\/2022\/11\/20221007_162405-1980x2640.jpg 1980w, https:\/\/www.wienersukzession.at\/wp-content\/uploads\/2022\/11\/20221007_162405-scaled.jpg 1920w\" sizes=\"(max-width: 768px) 100vw, 768px\" \/><\/figure>\n\n\n\n<figure class=\"wp-block-image size-large\"><img loading=\"lazy\" decoding=\"async\" width=\"768\" height=\"1024\" data-id=\"197\" src=\"https:\/\/www.wienersukzession.at\/wp-content\/uploads\/2022\/11\/20221007_162446-768x1024.jpg\" alt=\"\" class=\"wp-image-197\" srcset=\"https:\/\/www.wienersukzession.at\/wp-content\/uploads\/2022\/11\/20221007_162446-768x1024.jpg 768w, https:\/\/www.wienersukzession.at\/wp-content\/uploads\/2022\/11\/20221007_162446-225x300.jpg 225w, https:\/\/www.wienersukzession.at\/wp-content\/uploads\/2022\/11\/20221007_162446-1152x1536.jpg 1152w, https:\/\/www.wienersukzession.at\/wp-content\/uploads\/2022\/11\/20221007_162446-1536x2048.jpg 1536w, https:\/\/www.wienersukzession.at\/wp-content\/uploads\/2022\/11\/20221007_162446-1200x1600.jpg 1200w, https:\/\/www.wienersukzession.at\/wp-content\/uploads\/2022\/11\/20221007_162446-1980x2640.jpg 1980w, https:\/\/www.wienersukzession.at\/wp-content\/uploads\/2022\/11\/20221007_162446-scaled.jpg 1920w\" sizes=\"(max-width: 768px) 100vw, 768px\" \/><\/figure>\n\n\n\n<figure class=\"wp-block-image size-large\"><img loading=\"lazy\" decoding=\"async\" width=\"768\" height=\"1024\" data-id=\"199\" src=\"https:\/\/www.wienersukzession.at\/wp-content\/uploads\/2022\/11\/20221007_172503-768x1024.jpg\" alt=\"\" class=\"wp-image-199\" srcset=\"https:\/\/www.wienersukzession.at\/wp-content\/uploads\/2022\/11\/20221007_172503-768x1024.jpg 768w, https:\/\/www.wienersukzession.at\/wp-content\/uploads\/2022\/11\/20221007_172503-225x300.jpg 225w, https:\/\/www.wienersukzession.at\/wp-content\/uploads\/2022\/11\/20221007_172503-1152x1536.jpg 1152w, https:\/\/www.wienersukzession.at\/wp-content\/uploads\/2022\/11\/20221007_172503-1536x2048.jpg 1536w, https:\/\/www.wienersukzession.at\/wp-content\/uploads\/2022\/11\/20221007_172503-1200x1600.jpg 1200w, https:\/\/www.wienersukzession.at\/wp-content\/uploads\/2022\/11\/20221007_172503-1980x2640.jpg 1980w, https:\/\/www.wienersukzession.at\/wp-content\/uploads\/2022\/11\/20221007_172503-scaled.jpg 1920w\" sizes=\"(max-width: 768px) 100vw, 768px\" \/><\/figure>\n\n\n\n<figure class=\"wp-block-image size-large\"><img loading=\"lazy\" decoding=\"async\" width=\"832\" height=\"624\" data-id=\"201\" src=\"https:\/\/www.wienersukzession.at\/wp-content\/uploads\/2022\/11\/IMG_0137-karl.png\" alt=\"\" class=\"wp-image-201\" srcset=\"https:\/\/www.wienersukzession.at\/wp-content\/uploads\/2022\/11\/IMG_0137-karl.png 832w, https:\/\/www.wienersukzession.at\/wp-content\/uploads\/2022\/11\/IMG_0137-karl-300x225.png 300w, https:\/\/www.wienersukzession.at\/wp-content\/uploads\/2022\/11\/IMG_0137-karl-768x576.png 768w\" sizes=\"(max-width: 832px) 100vw, 832px\" \/><\/figure>\n\n\n\n<figure class=\"wp-block-image size-large\"><img loading=\"lazy\" decoding=\"async\" width=\"1024\" height=\"768\" data-id=\"202\" src=\"https:\/\/www.wienersukzession.at\/wp-content\/uploads\/2022\/11\/IMG_0152-karl-1024x768.png\" alt=\"\" class=\"wp-image-202\" srcset=\"https:\/\/www.wienersukzession.at\/wp-content\/uploads\/2022\/11\/IMG_0152-karl-1024x768.png 1024w, https:\/\/www.wienersukzession.at\/wp-content\/uploads\/2022\/11\/IMG_0152-karl-300x225.png 300w, https:\/\/www.wienersukzession.at\/wp-content\/uploads\/2022\/11\/IMG_0152-karl-768x576.png 768w, https:\/\/www.wienersukzession.at\/wp-content\/uploads\/2022\/11\/IMG_0152-karl.png 1032w\" sizes=\"(max-width: 1024px) 100vw, 1024px\" \/><\/figure>\n\n\n\n<figure class=\"wp-block-image size-large\"><img loading=\"lazy\" decoding=\"async\" width=\"768\" height=\"1024\" data-id=\"203\" src=\"https:\/\/www.wienersukzession.at\/wp-content\/uploads\/2022\/11\/IMG_0206-karl-768x1024.png\" alt=\"\" class=\"wp-image-203\" srcset=\"https:\/\/www.wienersukzession.at\/wp-content\/uploads\/2022\/11\/IMG_0206-karl-768x1023.png 768w, https:\/\/www.wienersukzession.at\/wp-content\/uploads\/2022\/11\/IMG_0206-karl-225x300.png 225w, https:\/\/www.wienersukzession.at\/wp-content\/uploads\/2022\/11\/IMG_0206-karl.png 824w\" sizes=\"(max-width: 768px) 100vw, 768px\" \/><\/figure>\n\n\n\n<figure class=\"wp-block-image size-large\"><img loading=\"lazy\" decoding=\"async\" width=\"932\" height=\"699\" data-id=\"204\" src=\"https:\/\/www.wienersukzession.at\/wp-content\/uploads\/2022\/11\/IMG_0247-karl.png\" alt=\"\" class=\"wp-image-204\" srcset=\"https:\/\/www.wienersukzession.at\/wp-content\/uploads\/2022\/11\/IMG_0247-karl.png 932w, https:\/\/www.wienersukzession.at\/wp-content\/uploads\/2022\/11\/IMG_0247-karl-300x225.png 300w, https:\/\/www.wienersukzession.at\/wp-content\/uploads\/2022\/11\/IMG_0247-karl-768x576.png 768w\" sizes=\"(max-width: 932px) 100vw, 932px\" \/><\/figure>\n\n\n\n<figure class=\"wp-block-image size-large\"><img loading=\"lazy\" decoding=\"async\" width=\"932\" height=\"699\" data-id=\"205\" src=\"https:\/\/www.wienersukzession.at\/wp-content\/uploads\/2022\/11\/IMG_0252-karl.png\" alt=\"\" class=\"wp-image-205\" srcset=\"https:\/\/www.wienersukzession.at\/wp-content\/uploads\/2022\/11\/IMG_0252-karl.png 932w, https:\/\/www.wienersukzession.at\/wp-content\/uploads\/2022\/11\/IMG_0252-karl-300x225.png 300w, https:\/\/www.wienersukzession.at\/wp-content\/uploads\/2022\/11\/IMG_0252-karl-768x576.png 768w\" sizes=\"(max-width: 932px) 100vw, 932px\" \/><\/figure>\n\n\n\n<figure class=\"wp-block-image size-large\"><img loading=\"lazy\" decoding=\"async\" width=\"768\" height=\"1024\" data-id=\"206\" src=\"https:\/\/www.wienersukzession.at\/wp-content\/uploads\/2022\/11\/IMG_0303-karl-768x1024.png\" alt=\"\" class=\"wp-image-206\" srcset=\"https:\/\/www.wienersukzession.at\/wp-content\/uploads\/2022\/11\/IMG_0303-karl-768x1024.png 768w, https:\/\/www.wienersukzession.at\/wp-content\/uploads\/2022\/11\/IMG_0303-karl-225x300.png 225w, https:\/\/www.wienersukzession.at\/wp-content\/uploads\/2022\/11\/IMG_0303-karl.png 824w\" sizes=\"(max-width: 768px) 100vw, 768px\" \/><\/figure>\n\n\n\n<figure class=\"wp-block-image size-large\"><img loading=\"lazy\" decoding=\"async\" width=\"768\" height=\"1024\" data-id=\"208\" src=\"https:\/\/www.wienersukzession.at\/wp-content\/uploads\/2022\/11\/IMG_5715-hannes-768x1024.jpeg\" alt=\"\" class=\"wp-image-208\" srcset=\"https:\/\/www.wienersukzession.at\/wp-content\/uploads\/2022\/11\/IMG_5715-hannes-768x1024.jpeg 768w, https:\/\/www.wienersukzession.at\/wp-content\/uploads\/2022\/11\/IMG_5715-hannes-225x300.jpeg 225w, https:\/\/www.wienersukzession.at\/wp-content\/uploads\/2022\/11\/IMG_5715-hannes-1152x1536.jpeg 1152w, https:\/\/www.wienersukzession.at\/wp-content\/uploads\/2022\/11\/IMG_5715-hannes-1536x2048.jpeg 1536w, https:\/\/www.wienersukzession.at\/wp-content\/uploads\/2022\/11\/IMG_5715-hannes-1200x1600.jpeg 1200w, https:\/\/www.wienersukzession.at\/wp-content\/uploads\/2022\/11\/IMG_5715-hannes-1980x2640.jpeg 1980w, https:\/\/www.wienersukzession.at\/wp-content\/uploads\/2022\/11\/IMG_5715-hannes-scaled.jpeg 1920w\" sizes=\"(max-width: 768px) 100vw, 768px\" \/><\/figure>\n\n\n\n<figure class=\"wp-block-image size-large\"><img loading=\"lazy\" decoding=\"async\" width=\"768\" height=\"1024\" data-id=\"209\" src=\"https:\/\/www.wienersukzession.at\/wp-content\/uploads\/2022\/11\/IMG_5682-hannes-768x1024.jpeg\" alt=\"\" class=\"wp-image-209\" srcset=\"https:\/\/www.wienersukzession.at\/wp-content\/uploads\/2022\/11\/IMG_5682-hannes-768x1024.jpeg 768w, https:\/\/www.wienersukzession.at\/wp-content\/uploads\/2022\/11\/IMG_5682-hannes-225x300.jpeg 225w, https:\/\/www.wienersukzession.at\/wp-content\/uploads\/2022\/11\/IMG_5682-hannes-1152x1536.jpeg 1152w, https:\/\/www.wienersukzession.at\/wp-content\/uploads\/2022\/11\/IMG_5682-hannes-1536x2048.jpeg 1536w, https:\/\/www.wienersukzession.at\/wp-content\/uploads\/2022\/11\/IMG_5682-hannes-1200x1600.jpeg 1200w, https:\/\/www.wienersukzession.at\/wp-content\/uploads\/2022\/11\/IMG_5682-hannes-1980x2640.jpeg 1980w, https:\/\/www.wienersukzession.at\/wp-content\/uploads\/2022\/11\/IMG_5682-hannes-scaled.jpeg 1920w\" sizes=\"(max-width: 768px) 100vw, 768px\" \/><\/figure>\n<\/figure>\n\n\n\n<h2 class=\"wp-block-heading\" id=\"Urbanize-Fundst\u00fccke\">Sammlung &#8211; VHS im 15.Bez<\/h2>\n","protected":false},"excerpt":{"rendered":"<p>Ideenrallye zur nachhaltigen Gestaltung der ZukunftFinde Ideen f\u00fcr dein Gr\u00e4tzl der Zukunft07. Oktober 2022, 14:00-18:00 Zubetoniert oder begr\u00fcnt? Einladend oder ausgrenzend? Gemeinschaftlich oder vereinzelt? Wie wird das Gr\u00e4tzl der Zukunft aussehen? Eines steht fest: Es soll mit den Anwohner*innen gemeinsam gestaltet werden. Auf der Ideenrallye der Gr\u00e4tzl-VHS im 15. Bezirk und des Action for Sustainable [&hellip;]<\/p>\n","protected":false},"author":1,"featured_media":139,"comment_status":"open","ping_status":"open","sticky":false,"template":"","format":"standard","meta":{"footnotes":""},"categories":[1],"tags":[],"_links":{"self":[{"href":"https:\/\/www.wienersukzession.at\/index.php\/wp-json\/wp\/v2\/posts\/138"}],"collection":[{"href":"https:\/\/www.wienersukzession.at\/index.php\/wp-json\/wp\/v2\/posts"}],"about":[{"href":"https:\/\/www.wienersukzession.at\/index.php\/wp-json\/wp\/v2\/types\/post"}],"author":[{"embeddable":true,"href":"https:\/\/www.wienersukzession.at\/index.php\/wp-json\/wp\/v2\/users\/1"}],"replies":[{"embeddable":true,"href":"https:\/\/www.wienersukzession.at\/index.php\/wp-json\/wp\/v2\/comments?post=138"}],"version-history":[{"count":7,"href":"https:\/\/www.wienersukzession.at\/index.php\/wp-json\/wp\/v2\/posts\/138\/revisions"}],"predecessor-version":[{"id":210,"href":"https:\/\/www.wienersukzession.at\/index.php\/wp-json\/wp\/v2\/posts\/138\/revisions\/210"}],"wp:featuredmedia":[{"embeddable":true,"href":"https:\/\/www.wienersukzession.at\/index.php\/wp-json\/wp\/v2\/media\/139"}],"wp:attachment":[{"href":"https:\/\/www.wienersukzession.at\/index.php\/wp-json\/wp\/v2\/media?parent=138"}],"wp:term":[{"taxonomy":"category","embeddable":true,"href":"https:\/\/www.wienersukzession.at\/index.php\/wp-json\/wp\/v2\/categories?post=138"},{"taxonomy":"post_tag","embeddable":true,"href":"https:\/\/www.wienersukzession.at\/index.php\/wp-json\/wp\/v2\/tags?post=138"}],"curies":[{"name":"wp","href":"https:\/\/api.w.org\/{rel}","templated":true}]}}